{"id":372,"date":"2022-07-06T13:51:34","date_gmt":"2022-07-06T11:51:34","guid":{"rendered":"https:\/\/www.pleyberfoot.fr\/?p=372"},"modified":"2022-07-06T13:51:35","modified_gmt":"2022-07-06T11:51:35","slug":"programme-seniors-de-reprise","status":"publish","type":"post","link":"https:\/\/www.pleyberfoot.fr\/index.php\/2022\/07\/06\/programme-seniors-de-reprise\/","title":{"rendered":"Programme S\u00e9niors de reprise"},"content":{"rendered":"\n<p>Programme de la reprise (Apporter baskets + chaussures de foot \u00e0 toutes les s\u00e9ances)<\/p>\n\n\n\n<ul class=\"wp-block-list\"><li>Lundi 25 Juillet: \u26bd D\u00e9but de s\u00e9ance 19h30<\/li><li>Mercredi 27 Juillet: \u26bd D\u00e9but de s\u00e9ance 19h30<\/li><li>Samedi 30 Juillet: \u26bd D\u00e9but de s\u00e9ance 10h00 + barbecue\/p\u00e9tanque\/palets<\/li><li>Lundi 1er Ao\u00fbt: \u26bd D\u00e9but de s\u00e9ance 19h30<\/li><li>Mercredi 3 Ao\u00fbt: \u26bd D\u00e9but de s\u00e9ance 19h30<\/li><li>Vendredi 5 Ao\u00fbt: Match Amical \ud83c\udd9a Plougras \u00e0 19h30 (Lieu \u00e0 d\u00e9finir)<\/li><li>Lundi 8 Ao\u00fbt: Match Amical \ud83c\udd9a Plouigneau \u00e0 domicile \u00e0 19h30<\/li><li>Mercredi 10 Ao\u00fbt: Match Amical \ud83c\udd9a Plougasnou \u00e0 domicile \u00e0 19h30<\/li><li>Vendredi 12 Ao\u00fbt: \u26bd D\u00e9but de s\u00e9ance 19h30<\/li><li>Samedi 13 Ao\u00fbt: Match Amical \ud83c\udd9a Landi (Lieu et horaire \u00e0 d\u00e9finir)<\/li><li>Mardi 16 Ao\u00fbt: Match Amical \ud83c\udd9a Plourin \u00e0 l&rsquo;ext\u00e9rieur \u00e0 19h30<\/li><li>Vendredi 19 Ao\u00fbt: \u26bd D\u00e9but de s\u00e9ance 19h30<\/li><li>Dimanche 21 Ao\u00fbt: Tournoi \u00e0 4 \u00e9quipes \u00e0 Plourin (Horaire \u00e0 d\u00e9finir)<\/li><li>Mardi 23 Ao\u00fbt: Match Amical \ud83c\udd9a Plestin \u00e0 19h30 (Lieu \u00e0 d\u00e9finir)<\/li><li>Mercredi 24 Ao\u00fbt: \u26bd D\u00e9but de s\u00e9ance 19h30<\/li><li>Vendredi 26 Ao\u00fbt: Match amical ou s\u00e9ance \u00e0 19h30<\/li><li>Dimanche 28 Ao\u00fbt: \ud83c\udfc5Coupe de France pour l&rsquo;\u00e9quipe A et match amical pour l&rsquo;\u00e9quipe B<\/li><\/ul>\n\n\n\n<p>Jeremy: 06 14 44 50 91 (N&rsquo;h\u00e9sitez pas \u00e0 donner \u00e0 J\u00e9r\u00e9my vos dates de vacances)<\/p>\n","protected":false},"excerpt":{"rendered":"<p>Programme de la reprise (Apporter baskets + chaussures de foot \u00e0 toutes les s\u00e9ances) Lundi 25 Juillet: \u26bd D\u00e9but de s\u00e9ance 19h30 Mercredi 27 Juillet: &hellip; <\/p>\n","protected":false},"author":1,"featured_media":373,"comment_status":"open","ping_status":"open","sticky":false,"template":"","format":"standard","meta":{"footnotes":""},"categories":[7],"tags":[],"class_list":["post-372","post","type-post","status-publish","format-standard","has-post-thumbnail","hentry","category-seniors"],"_links":{"self":[{"href":"https:\/\/www.pleyberfoot.fr\/index.php\/wp-json\/wp\/v2\/posts\/372","targetHints":{"allow":["GET"]}}],"collection":[{"href":"https:\/\/www.pleyberfoot.fr\/index.php\/wp-json\/wp\/v2\/posts"}],"about":[{"href":"https:\/\/www.pleyberfoot.fr\/index.php\/wp-json\/wp\/v2\/types\/post"}],"author":[{"embeddable":true,"href":"https:\/\/www.pleyberfoot.fr\/index.php\/wp-json\/wp\/v2\/users\/1"}],"replies":[{"embeddable":true,"href":"https:\/\/www.pleyberfoot.fr\/index.php\/wp-json\/wp\/v2\/comments?post=372"}],"version-history":[{"count":1,"href":"https:\/\/www.pleyberfoot.fr\/index.php\/wp-json\/wp\/v2\/posts\/372\/revisions"}],"predecessor-version":[{"id":374,"href":"https:\/\/www.pleyberfoot.fr\/index.php\/wp-json\/wp\/v2\/posts\/372\/revisions\/374"}],"wp:featuredmedia":[{"embeddable":true,"href":"https:\/\/www.pleyberfoot.fr\/index.php\/wp-json\/wp\/v2\/media\/373"}],"wp:attachment":[{"href":"https:\/\/www.pleyberfoot.fr\/index.php\/wp-json\/wp\/v2\/media?parent=372"}],"wp:term":[{"taxonomy":"category","embeddable":true,"href":"https:\/\/www.pleyberfoot.fr\/index.php\/wp-json\/wp\/v2\/categories?post=372"},{"taxonomy":"post_tag","embeddable":true,"href":"https:\/\/www.pleyberfoot.fr\/index.php\/wp-json\/wp\/v2\/tags?post=372"}],"curies":[{"name":"wp","href":"https:\/\/api.w.org\/{rel}","templated":true}]}}